{"id":1134,"date":"2020-11-16T12:13:02","date_gmt":"2020-11-16T11:13:02","guid":{"rendered":"http:\/\/kunst.stiftkeppel.de\/?p=1134"},"modified":"2020-11-16T12:13:02","modified_gmt":"2020-11-16T11:13:02","slug":"kuenstlerbuecher","status":"publish","type":"post","link":"http:\/\/kunst.stiftkeppel.de\/?p=1134","title":{"rendered":"K\u00fcnstlerb\u00fccher"},"content":{"rendered":"<p>Sch\u00fcler*innen der EF untersuchen das Spannungsfeld zwischen Bildender Kunst und dem Medium Buch. Ausgangspunkt konnte ein reales Buch sein, musste aber nicht. Falls ja, beginnt bereits mit der Auswahl der Produktionsprozess: Ist es ein Buch aus dem eigenen Besitz? Eins aus der Kindheit? Das man liebt? Das man hasst? Oder stellt man ein eigenes Buch her? Ist es blo\u00df etwas \u201ebuchhaftes\u201c, das dabei entsteht? Und was daran ist \u201ebuchhaft\u201c?? \u2026 Es konnte eine pers\u00f6nliche, von einer Idee oder einem Gef\u00fchl getragene Untersuchung sein ebensogut wie eine eher formal-gestalterische!<br>\nEs entstand auf diese Weise eine gro\u00dfe Bandbreite ganz unterschiedlicher Zugriffe auf das Thema: einige sehen ab vom Text, der darin transportiert wird und erzeugen durch Falten, Knicken und Auff\u00e4chern spannende Formen, so bei Melissa Zechel oder Lars St\u00f6tzel. Lesen als (lustbetonte!) T\u00e4tigkeit und Erfahrung bildete den Anlass f\u00fcr manche Transformationen, in denen entweder der Ort (das Lesesofa von Svenja Boos oder der B\u00fccherschrank von Marco Born) oder das Ereignis \u2013 Phantasiereise, Verwandlung und das \u201eAbtauchen\u201c \u2013 des Lesens eine Rolle spielen: Das Buch wird Blume (Swenja Vollpracht), Landschaft (Cecile Bourgoignie), Br\u00fccke (Nele Wagener) oder Vogelschwarm (Gizem Dursun). B\u00fccher werden (stark vereinfacht) aus B\u00e4umen gemacht, und diese Beziehung wird poetisch ins Bild gesetzt und \u00fcberh\u00f6ht: Sarah Nuhn pflanzt in ihr Buch einen lebendigen Ahorn, Lisa Tersteegen schneidet in die Seiten die Silhouetten eines undurchdringlichen Urwalds. Und dass das Buch auch ein Medium (politischer) Vernunft sein kann, reflektieren Arbeiten wie die von Tino Auffenberg (\u201efree your mind\u201c) oder von Marlon Pfeiffer, der das Buch des B\u00fccherverbrenners Hitler seinerseits verbrennt.<\/p>\n\n\n<ul class=\"wp-block-gallery columns-3 is-cropped wp-block-gallery-1 is-layout-flex wp-block-gallery-is-layout-flex\"><li class=\"blocks-gallery-item\"><figure><img loading=\"lazy\" decoding=\"async\" width=\"768\" height=\"1024\" src=\"http:\/\/kunst.stiftkeppel.de\/wp-content\/uploads\/2020\/11\/3.-IMG-20181119-WA0020-1-768x1024.jpg\" alt=\"\" data-id=\"1162\" data-link=\"http:\/\/kunst.stiftkeppel.de\/?attachment_id=1162\" class=\"wp-image-1162\" srcset=\"http:\/\/kunst.stiftkeppel.de\/wp-content\/uploads\/2020\/11\/3.-IMG-20181119-WA0020-1-768x1024.jpg 768w, http:\/\/kunst.stiftkeppel.de\/wp-content\/uploads\/2020\/11\/3.-IMG-20181119-WA0020-1-225x300.jpg 225w, http:\/\/kunst.stiftkeppel.de\/wp-content\/uploads\/2020\/11\/3.-IMG-20181119-WA0020-1.jpg 1200w\" sizes=\"auto, (max-width: 768px) 100vw, 768px\" \/><\/figure><\/li><li class=\"blocks-gallery-item\"><figure><img loading=\"lazy\" decoding=\"async\" width=\"1024\" height=\"768\" src=\"http:\/\/kunst.stiftkeppel.de\/wp-content\/uploads\/2020\/11\/P1030482-1-1024x768.jpg\" alt=\"\" data-id=\"1164\" data-link=\"http:\/\/kunst.stiftkeppel.de\/?attachment_id=1164\" class=\"wp-image-1164\" srcset=\"http:\/\/kunst.stiftkeppel.de\/wp-content\/uploads\/2020\/11\/P1030482-1-1024x768.jpg 1024w, http:\/\/kunst.stiftkeppel.de\/wp-content\/uploads\/2020\/11\/P1030482-1-300x225.jpg 300w, http:\/\/kunst.stiftkeppel.de\/wp-content\/uploads\/2020\/11\/P1030482-1-768x576.jpg 768w, http:\/\/kunst.stiftkeppel.de\/wp-content\/uploads\/2020\/11\/P1030482-1.jpg 2048w\" sizes=\"auto, (max-width: 1024px) 100vw, 1024px\" \/><\/figure><\/li><li class=\"blocks-gallery-item\"><figure><img loading=\"lazy\" decoding=\"async\" width=\"1024\" height=\"768\" src=\"http:\/\/kunst.stiftkeppel.de\/wp-content\/uploads\/2020\/11\/P1030486-1-1024x768.jpg\" alt=\"\" data-id=\"1165\" data-link=\"http:\/\/kunst.stiftkeppel.de\/?attachment_id=1165\" class=\"wp-image-1165\" srcset=\"http:\/\/kunst.stiftkeppel.de\/wp-content\/uploads\/2020\/11\/P1030486-1-1024x768.jpg 1024w, http:\/\/kunst.stiftkeppel.de\/wp-content\/uploads\/2020\/11\/P1030486-1-300x225.jpg 300w, http:\/\/kunst.stiftkeppel.de\/wp-content\/uploads\/2020\/11\/P1030486-1-768x576.jpg 768w, http:\/\/kunst.stiftkeppel.de\/wp-content\/uploads\/2020\/11\/P1030486-1.jpg 2048w\" sizes=\"auto, (max-width: 1024px) 100vw, 1024px\" \/><\/figure><\/li><li class=\"blocks-gallery-item\"><figure><img loading=\"lazy\" decoding=\"async\" width=\"1024\" height=\"768\" src=\"http:\/\/kunst.stiftkeppel.de\/wp-content\/uploads\/2020\/11\/P1030492-1-1024x768.jpg\" alt=\"\" data-id=\"1166\" data-link=\"http:\/\/kunst.stiftkeppel.de\/?attachment_id=1166\" class=\"wp-image-1166\" srcset=\"http:\/\/kunst.stiftkeppel.de\/wp-content\/uploads\/2020\/11\/P1030492-1-1024x768.jpg 1024w, http:\/\/kunst.stiftkeppel.de\/wp-content\/uploads\/2020\/11\/P1030492-1-300x225.jpg 300w, http:\/\/kunst.stiftkeppel.de\/wp-content\/uploads\/2020\/11\/P1030492-1-768x576.jpg 768w, http:\/\/kunst.stiftkeppel.de\/wp-content\/uploads\/2020\/11\/P1030492-1.jpg 2048w\" sizes=\"auto, (max-width: 1024px) 100vw, 1024px\" \/><\/figure><\/li><li class=\"blocks-gallery-item\"><figure><img loading=\"lazy\" decoding=\"async\" width=\"1024\" height=\"768\" src=\"http:\/\/kunst.stiftkeppel.de\/wp-content\/uploads\/2020\/11\/P1030506-1-1024x768.jpg\" alt=\"\" data-id=\"1167\" data-link=\"http:\/\/kunst.stiftkeppel.de\/?attachment_id=1167\" class=\"wp-image-1167\" srcset=\"http:\/\/kunst.stiftkeppel.de\/wp-content\/uploads\/2020\/11\/P1030506-1-1024x768.jpg 1024w, http:\/\/kunst.stiftkeppel.de\/wp-content\/uploads\/2020\/11\/P1030506-1-300x225.jpg 300w, http:\/\/kunst.stiftkeppel.de\/wp-content\/uploads\/2020\/11\/P1030506-1-768x576.jpg 768w, http:\/\/kunst.stiftkeppel.de\/wp-content\/uploads\/2020\/11\/P1030506-1.jpg 2048w\" sizes=\"auto, (max-width: 1024px) 100vw, 1024px\" \/><\/figure><\/li><li class=\"blocks-gallery-item\"><figure><img loading=\"lazy\" decoding=\"async\" width=\"1024\" height=\"768\" src=\"http:\/\/kunst.stiftkeppel.de\/wp-content\/uploads\/2020\/11\/P1030512-1-1024x768.jpg\" alt=\"\" data-id=\"1168\" data-link=\"http:\/\/kunst.stiftkeppel.de\/?attachment_id=1168\" class=\"wp-image-1168\" srcset=\"http:\/\/kunst.stiftkeppel.de\/wp-content\/uploads\/2020\/11\/P1030512-1-1024x768.jpg 1024w, http:\/\/kunst.stiftkeppel.de\/wp-content\/uploads\/2020\/11\/P1030512-1-300x225.jpg 300w, http:\/\/kunst.stiftkeppel.de\/wp-content\/uploads\/2020\/11\/P1030512-1-768x576.jpg 768w, http:\/\/kunst.stiftkeppel.de\/wp-content\/uploads\/2020\/11\/P1030512-1.jpg 2048w\" sizes=\"auto, (max-width: 1024px) 100vw, 1024px\" \/><\/figure><\/li><li class=\"blocks-gallery-item\"><figure><img loading=\"lazy\" decoding=\"async\" width=\"1024\" height=\"768\" src=\"http:\/\/kunst.stiftkeppel.de\/wp-content\/uploads\/2020\/11\/P1030518-1-1024x768.jpg\" alt=\"\" data-id=\"1169\" data-link=\"http:\/\/kunst.stiftkeppel.de\/?attachment_id=1169\" class=\"wp-image-1169\" srcset=\"http:\/\/kunst.stiftkeppel.de\/wp-content\/uploads\/2020\/11\/P1030518-1-1024x768.jpg 1024w, http:\/\/kunst.stiftkeppel.de\/wp-content\/uploads\/2020\/11\/P1030518-1-300x225.jpg 300w, http:\/\/kunst.stiftkeppel.de\/wp-content\/uploads\/2020\/11\/P1030518-1-768x576.jpg 768w, http:\/\/kunst.stiftkeppel.de\/wp-content\/uploads\/2020\/11\/P1030518-1.jpg 2048w\" sizes=\"auto, (max-width: 1024px) 100vw, 1024px\" \/><\/figure><\/li><li class=\"blocks-gallery-item\"><figure><img loading=\"lazy\" decoding=\"async\" width=\"1024\" height=\"768\" src=\"http:\/\/kunst.stiftkeppel.de\/wp-content\/uploads\/2020\/11\/P1040240-1024x768.jpg\" alt=\"\" data-id=\"1170\" data-link=\"http:\/\/kunst.stiftkeppel.de\/?attachment_id=1170\" class=\"wp-image-1170\" srcset=\"http:\/\/kunst.stiftkeppel.de\/wp-content\/uploads\/2020\/11\/P1040240-1024x768.jpg 1024w, http:\/\/kunst.stiftkeppel.de\/wp-content\/uploads\/2020\/11\/P1040240-300x225.jpg 300w, http:\/\/kunst.stiftkeppel.de\/wp-content\/uploads\/2020\/11\/P1040240-768x576.jpg 768w\" sizes=\"auto, (max-width: 1024px) 100vw, 1024px\" \/><\/figure><\/li><\/ul>\n","protected":false},"excerpt":{"rendered":"<p>Sch\u00fcler*innen der EF untersuchen das Spannungsfeld zwischen Bildender Kunst und dem Medium Buch. Ausgangspunkt konnte ein reales Buch sein, musste aber nicht. Falls ja, beginnt bereits mit der Auswahl der Produktionsprozess: Ist es ein Buch aus dem eigenen Besitz? Eins aus der Kindheit? Das man liebt? Das man hasst? Oder stellt man ein eigenes Buch &#8230; <span class=\"more\"><a class=\"more-link\" href=\"http:\/\/kunst.stiftkeppel.de\/?p=1134\">[Weiterlesen&#8230;]<\/a><\/span><\/p>\n","protected":false},"author":4,"featured_media":1161,"comment_status":"open","ping_status":"open","sticky":false,"template":"","format":"standard","meta":{"footnotes":""},"categories":[9],"tags":[],"class_list":{"0":"entry","1":"post","2":"publish","3":"author-sub","4":"post-1134","6":"format-standard","7":"has-post-thumbnail","8":"category-schuelerarbeiten"},"_links":{"self":[{"href":"http:\/\/kunst.stiftkeppel.de\/index.php?rest_route=\/wp\/v2\/posts\/1134","targetHints":{"allow":["GET"]}}],"collection":[{"href":"http:\/\/kunst.stiftkeppel.de\/index.php?rest_route=\/wp\/v2\/posts"}],"about":[{"href":"http:\/\/kunst.stiftkeppel.de\/index.php?rest_route=\/wp\/v2\/types\/post"}],"author":[{"embeddable":true,"href":"http:\/\/kunst.stiftkeppel.de\/index.php?rest_route=\/wp\/v2\/users\/4"}],"replies":[{"embeddable":true,"href":"http:\/\/kunst.stiftkeppel.de\/index.php?rest_route=%2Fwp%2Fv2%2Fcomments&post=1134"}],"version-history":[{"count":2,"href":"http:\/\/kunst.stiftkeppel.de\/index.php?rest_route=\/wp\/v2\/posts\/1134\/revisions"}],"predecessor-version":[{"id":1171,"href":"http:\/\/kunst.stiftkeppel.de\/index.php?rest_route=\/wp\/v2\/posts\/1134\/revisions\/1171"}],"wp:featuredmedia":[{"embeddable":true,"href":"http:\/\/kunst.stiftkeppel.de\/index.php?rest_route=\/wp\/v2\/media\/1161"}],"wp:attachment":[{"href":"http:\/\/kunst.stiftkeppel.de\/index.php?rest_route=%2Fwp%2Fv2%2Fmedia&parent=1134"}],"wp:term":[{"taxonomy":"category","embeddable":true,"href":"http:\/\/kunst.stiftkeppel.de\/index.php?rest_route=%2Fwp%2Fv2%2Fcategories&post=1134"},{"taxonomy":"post_tag","embeddable":true,"href":"http:\/\/kunst.stiftkeppel.de\/index.php?rest_route=%2Fwp%2Fv2%2Ftags&post=1134"}],"curies":[{"name":"wp","href":"https:\/\/api.w.org\/{rel}","templated":true}]}}