{"id":701,"date":"2019-07-23T14:25:15","date_gmt":"2019-07-23T13:25:15","guid":{"rendered":"http:\/\/kunst.stiftkeppel.de\/?p=701"},"modified":"2019-08-19T16:52:27","modified_gmt":"2019-08-19T15:52:27","slug":"9-klasse-eine-bekannte-persoenlichkeit-in-einem-mixed-media-bild-darstellen","status":"publish","type":"post","link":"http:\/\/kunst.stiftkeppel.de\/?p=701","title":{"rendered":"Eine bekannte Pers\u00f6nlichkeit in einem Mixed-Media-Bild darstellen (9. Kl., 2018\/19)"},"content":{"rendered":"\n<div class=\"wp-block-envira-envira-gallery\"><div id=\"envira-gallery-wrap-692\" class=\"envira-gallery-wrap envira-gallery-theme-base envira-lightbox-theme-base_dark\" itemscope itemtype=\"https:\/\/schema.org\/ImageGallery\"><div data-row-height=\"160\" data-gallery-theme=\"normal\" id=\"envira-gallery-692\" class=\"envira-gallery-public envira-gallery-justified-public envira-gallery-0-columns envira-clear enviratope envira-gallery-css-animations\" data-envira-columns=\"0\"><div id=\"envira-gallery-item-707\" class=\"envira-gallery-item enviratope-item envira-gallery-item-1 envira-lazy-load\" style=\"padding-left: 1px; padding-bottom: 1px; padding-right: 1px;\"  itemscope itemtype=\"https:\/\/schema.org\/ImageObject\"><div class=\"envira-gallery-item-inner\"><div class=\"envira-gallery-position-overlay  envira-gallery-top-left\"><\/div><div class=\"envira-gallery-position-overlay  envira-gallery-top-right\"><\/div><div class=\"envira-gallery-position-overlay  envira-gallery-bottom-left\"><\/div><div class=\"envira-gallery-position-overlay  envira-gallery-bottom-right\"><\/div><a href=\"http:\/\/kunst.stiftkeppel.de\/wp-content\/uploads\/2019\/08\/b20190704_103134-1.png\" class=\"envira-gallery-692 envira-gallery-link\" rel=\"enviragallery692\" title=\"b20190704_103134\" data-envira-caption=\"b20190704_103134\" data-envira-retina=\"\" data-thumbnail=\"\"  itemprop=\"contentUrl\"><img decoding=\"async\" id=\"envira-gallery-image-707\" class=\"envira-gallery-image envira-gallery-image-1 envira-normal envira-lazy\" data-envira-index=\"1\" src=\"http:\/\/kunst.stiftkeppel.de\/wp-content\/uploads\/2019\/08\/b20190704_103134-1-768x1024-640x480.png\" data-envira-src=\"http:\/\/kunst.stiftkeppel.de\/wp-content\/uploads\/2019\/08\/b20190704_103134-1-768x1024-640x480.png\" data-envira-gallery-id=\"692\" data-envira-item-id=\"707\" data-envira-caption=\"b20190704_103134\" alt=\"\" title=\"b20190704_103134\"  itemprop=\"thumbnailUrl\" data-envira-srcset=\"http:\/\/kunst.stiftkeppel.de\/wp-content\/uploads\/2019\/08\/b20190704_103134-1-768x1024-640x480.png 400w,http:\/\/kunst.stiftkeppel.de\/wp-content\/uploads\/2019\/08\/b20190704_103134-1-768x1024-640x480.png 2x\" data-envira-width=\"225\" data-envira-height=\"300\" srcset=\"data:image\/gif;base64,R0lGODlhAQABAIAAAP\/\/\/\/\/\/\/yH5BAEKAAEALAAAAAABAAEAAAICTAEAOw==\" data-safe-src=\"data:image\/gif;base64,R0lGODlhAQABAIAAAP\/\/\/\/\/\/\/yH5BAEKAAEALAAAAAABAAEAAAICTAEAOw==\" \/><\/a><\/div><\/div><div id=\"envira-gallery-item-708\" class=\"envira-gallery-item enviratope-item envira-gallery-item-2 envira-lazy-load\" style=\"padding-left: 1px; padding-bottom: 1px; padding-right: 1px;\"  itemscope itemtype=\"https:\/\/schema.org\/ImageObject\"><div class=\"envira-gallery-item-inner\"><div class=\"envira-gallery-position-overlay  envira-gallery-top-left\"><\/div><div class=\"envira-gallery-position-overlay  envira-gallery-top-right\"><\/div><div class=\"envira-gallery-position-overlay  envira-gallery-bottom-left\"><\/div><div class=\"envira-gallery-position-overlay  envira-gallery-bottom-right\"><\/div><a href=\"http:\/\/kunst.stiftkeppel.de\/wp-content\/uploads\/2019\/08\/b20190704_103202-1.png\" class=\"envira-gallery-692 envira-gallery-link\" rel=\"enviragallery692\" title=\"b20190704_103202\" data-envira-caption=\"b20190704_103202\" data-envira-retina=\"\" data-thumbnail=\"\"  itemprop=\"contentUrl\"><img decoding=\"async\" id=\"envira-gallery-image-708\" class=\"envira-gallery-image envira-gallery-image-2 envira-normal envira-lazy\" data-envira-index=\"2\" src=\"http:\/\/kunst.stiftkeppel.de\/wp-content\/uploads\/2019\/08\/b20190704_103202-1-768x1024-640x480.png\" data-envira-src=\"http:\/\/kunst.stiftkeppel.de\/wp-content\/uploads\/2019\/08\/b20190704_103202-1-768x1024-640x480.png\" data-envira-gallery-id=\"692\" data-envira-item-id=\"708\" data-envira-caption=\"b20190704_103202\" alt=\"\" title=\"b20190704_103202\"  itemprop=\"thumbnailUrl\" data-envira-srcset=\"http:\/\/kunst.stiftkeppel.de\/wp-content\/uploads\/2019\/08\/b20190704_103202-1-768x1024-640x480.png 400w,http:\/\/kunst.stiftkeppel.de\/wp-content\/uploads\/2019\/08\/b20190704_103202-1-768x1024-640x480.png 2x\" data-envira-width=\"225\" data-envira-height=\"300\" srcset=\"data:image\/gif;base64,R0lGODlhAQABAIAAAP\/\/\/\/\/\/\/yH5BAEKAAEALAAAAAABAAEAAAICTAEAOw==\" data-safe-src=\"data:image\/gif;base64,R0lGODlhAQABAIAAAP\/\/\/\/\/\/\/yH5BAEKAAEALAAAAAABAAEAAAICTAEAOw==\" \/><\/a><\/div><\/div><div id=\"envira-gallery-item-709\" class=\"envira-gallery-item enviratope-item envira-gallery-item-3 envira-lazy-load\" style=\"padding-left: 1px; padding-bottom: 1px; padding-right: 1px;\"  itemscope itemtype=\"https:\/\/schema.org\/ImageObject\"><div class=\"envira-gallery-item-inner\"><div class=\"envira-gallery-position-overlay  envira-gallery-top-left\"><\/div><div class=\"envira-gallery-position-overlay  envira-gallery-top-right\"><\/div><div class=\"envira-gallery-position-overlay  envira-gallery-bottom-left\"><\/div><div class=\"envira-gallery-position-overlay  envira-gallery-bottom-right\"><\/div><a href=\"http:\/\/kunst.stiftkeppel.de\/wp-content\/uploads\/2019\/08\/b20190704_103213-1.png\" class=\"envira-gallery-692 envira-gallery-link\" rel=\"enviragallery692\" title=\"b20190704_103213\" data-envira-caption=\"b20190704_103213\" data-envira-retina=\"\" data-thumbnail=\"\"  itemprop=\"contentUrl\"><img decoding=\"async\" id=\"envira-gallery-image-709\" class=\"envira-gallery-image envira-gallery-image-3 envira-normal envira-lazy\" data-envira-index=\"3\" src=\"http:\/\/kunst.stiftkeppel.de\/wp-content\/uploads\/2019\/08\/b20190704_103213-1-768x1024-640x480.png\" data-envira-src=\"http:\/\/kunst.stiftkeppel.de\/wp-content\/uploads\/2019\/08\/b20190704_103213-1-768x1024-640x480.png\" data-envira-gallery-id=\"692\" data-envira-item-id=\"709\" data-envira-caption=\"b20190704_103213\" alt=\"\" title=\"b20190704_103213\"  itemprop=\"thumbnailUrl\" data-envira-srcset=\"http:\/\/kunst.stiftkeppel.de\/wp-content\/uploads\/2019\/08\/b20190704_103213-1-768x1024-640x480.png 400w,http:\/\/kunst.stiftkeppel.de\/wp-content\/uploads\/2019\/08\/b20190704_103213-1-768x1024-640x480.png 2x\" data-envira-width=\"225\" data-envira-height=\"300\" srcset=\"data:image\/gif;base64,R0lGODlhAQABAIAAAP\/\/\/\/\/\/\/yH5BAEKAAEALAAAAAABAAEAAAICTAEAOw==\" data-safe-src=\"data:image\/gif;base64,R0lGODlhAQABAIAAAP\/\/\/\/\/\/\/yH5BAEKAAEALAAAAAABAAEAAAICTAEAOw==\" \/><\/a><\/div><\/div><div id=\"envira-gallery-item-711\" class=\"envira-gallery-item enviratope-item envira-gallery-item-4 envira-lazy-load\" style=\"padding-left: 1px; padding-bottom: 1px; padding-right: 1px;\"  itemscope itemtype=\"https:\/\/schema.org\/ImageObject\"><div class=\"envira-gallery-item-inner\"><div class=\"envira-gallery-position-overlay  envira-gallery-top-left\"><\/div><div class=\"envira-gallery-position-overlay  envira-gallery-top-right\"><\/div><div class=\"envira-gallery-position-overlay  envira-gallery-bottom-left\"><\/div><div class=\"envira-gallery-position-overlay  envira-gallery-bottom-right\"><\/div><a href=\"http:\/\/kunst.stiftkeppel.de\/wp-content\/uploads\/2019\/08\/b20190704_103244-1.png\" class=\"envira-gallery-692 envira-gallery-link\" rel=\"enviragallery692\" title=\"b20190704_103244\" data-envira-caption=\"b20190704_103244\" data-envira-retina=\"\" data-thumbnail=\"\"  itemprop=\"contentUrl\"><img decoding=\"async\" id=\"envira-gallery-image-711\" class=\"envira-gallery-image envira-gallery-image-4 envira-normal envira-lazy\" data-envira-index=\"4\" src=\"http:\/\/kunst.stiftkeppel.de\/wp-content\/uploads\/2019\/08\/b20190704_103244-1-768x1024-640x480.png\" data-envira-src=\"http:\/\/kunst.stiftkeppel.de\/wp-content\/uploads\/2019\/08\/b20190704_103244-1-768x1024-640x480.png\" data-envira-gallery-id=\"692\" data-envira-item-id=\"711\" data-envira-caption=\"b20190704_103244\" alt=\"\" title=\"b20190704_103244\"  itemprop=\"thumbnailUrl\" data-envira-srcset=\"http:\/\/kunst.stiftkeppel.de\/wp-content\/uploads\/2019\/08\/b20190704_103244-1-768x1024-640x480.png 400w,http:\/\/kunst.stiftkeppel.de\/wp-content\/uploads\/2019\/08\/b20190704_103244-1-768x1024-640x480.png 2x\" data-envira-width=\"225\" data-envira-height=\"300\" srcset=\"data:image\/gif;base64,R0lGODlhAQABAIAAAP\/\/\/\/\/\/\/yH5BAEKAAEALAAAAAABAAEAAAICTAEAOw==\" data-safe-src=\"data:image\/gif;base64,R0lGODlhAQABAIAAAP\/\/\/\/\/\/\/yH5BAEKAAEALAAAAAABAAEAAAICTAEAOw==\" \/><\/a><\/div><\/div><div id=\"envira-gallery-item-712\" class=\"envira-gallery-item enviratope-item envira-gallery-item-5 envira-lazy-load\" style=\"padding-left: 1px; padding-bottom: 1px; padding-right: 1px;\"  itemscope itemtype=\"https:\/\/schema.org\/ImageObject\"><div class=\"envira-gallery-item-inner\"><div class=\"envira-gallery-position-overlay  envira-gallery-top-left\"><\/div><div class=\"envira-gallery-position-overlay  envira-gallery-top-right\"><\/div><div class=\"envira-gallery-position-overlay  envira-gallery-bottom-left\"><\/div><div class=\"envira-gallery-position-overlay  envira-gallery-bottom-right\"><\/div><a href=\"http:\/\/kunst.stiftkeppel.de\/wp-content\/uploads\/2019\/08\/b20190704_103256-1.png\" class=\"envira-gallery-692 envira-gallery-link\" rel=\"enviragallery692\" title=\"b20190704_103256\" data-envira-caption=\"b20190704_103256\" data-envira-retina=\"\" data-thumbnail=\"\"  itemprop=\"contentUrl\"><img decoding=\"async\" id=\"envira-gallery-image-712\" class=\"envira-gallery-image envira-gallery-image-5 envira-normal envira-lazy\" data-envira-index=\"5\" src=\"http:\/\/kunst.stiftkeppel.de\/wp-content\/uploads\/2019\/08\/b20190704_103256-1-768x1024-640x480.png\" data-envira-src=\"http:\/\/kunst.stiftkeppel.de\/wp-content\/uploads\/2019\/08\/b20190704_103256-1-768x1024-640x480.png\" data-envira-gallery-id=\"692\" data-envira-item-id=\"712\" data-envira-caption=\"b20190704_103256\" alt=\"\" title=\"b20190704_103256\"  itemprop=\"thumbnailUrl\" data-envira-srcset=\"http:\/\/kunst.stiftkeppel.de\/wp-content\/uploads\/2019\/08\/b20190704_103256-1-768x1024-640x480.png 400w,http:\/\/kunst.stiftkeppel.de\/wp-content\/uploads\/2019\/08\/b20190704_103256-1-768x1024-640x480.png 2x\" data-envira-width=\"225\" data-envira-height=\"300\" srcset=\"data:image\/gif;base64,R0lGODlhAQABAIAAAP\/\/\/\/\/\/\/yH5BAEKAAEALAAAAAABAAEAAAICTAEAOw==\" data-safe-src=\"data:image\/gif;base64,R0lGODlhAQABAIAAAP\/\/\/\/\/\/\/yH5BAEKAAEALAAAAAABAAEAAAICTAEAOw==\" \/><\/a><\/div><\/div><div id=\"envira-gallery-item-713\" class=\"envira-gallery-item enviratope-item envira-gallery-item-6 envira-lazy-load\" style=\"padding-left: 1px; padding-bottom: 1px; padding-right: 1px;\"  itemscope itemtype=\"https:\/\/schema.org\/ImageObject\"><div class=\"envira-gallery-item-inner\"><div class=\"envira-gallery-position-overlay  envira-gallery-top-left\"><\/div><div class=\"envira-gallery-position-overlay  envira-gallery-top-right\"><\/div><div class=\"envira-gallery-position-overlay  envira-gallery-bottom-left\"><\/div><div class=\"envira-gallery-position-overlay  envira-gallery-bottom-right\"><\/div><a href=\"http:\/\/kunst.stiftkeppel.de\/wp-content\/uploads\/2019\/08\/b20190704_103308-1.png\" class=\"envira-gallery-692 envira-gallery-link\" rel=\"enviragallery692\" title=\"b20190704_103308\" data-envira-caption=\"b20190704_103308\" data-envira-retina=\"\" data-thumbnail=\"\"  itemprop=\"contentUrl\"><img decoding=\"async\" id=\"envira-gallery-image-713\" class=\"envira-gallery-image envira-gallery-image-6 envira-normal envira-lazy\" data-envira-index=\"6\" src=\"http:\/\/kunst.stiftkeppel.de\/wp-content\/uploads\/2019\/08\/b20190704_103308-1-768x1024-640x480.png\" data-envira-src=\"http:\/\/kunst.stiftkeppel.de\/wp-content\/uploads\/2019\/08\/b20190704_103308-1-768x1024-640x480.png\" data-envira-gallery-id=\"692\" data-envira-item-id=\"713\" data-envira-caption=\"b20190704_103308\" alt=\"\" title=\"b20190704_103308\"  itemprop=\"thumbnailUrl\" data-envira-srcset=\"http:\/\/kunst.stiftkeppel.de\/wp-content\/uploads\/2019\/08\/b20190704_103308-1-768x1024-640x480.png 400w,http:\/\/kunst.stiftkeppel.de\/wp-content\/uploads\/2019\/08\/b20190704_103308-1-768x1024-640x480.png 2x\" data-envira-width=\"225\" data-envira-height=\"300\" srcset=\"data:image\/gif;base64,R0lGODlhAQABAIAAAP\/\/\/\/\/\/\/yH5BAEKAAEALAAAAAABAAEAAAICTAEAOw==\" data-safe-src=\"data:image\/gif;base64,R0lGODlhAQABAIAAAP\/\/\/\/\/\/\/yH5BAEKAAEALAAAAAABAAEAAAICTAEAOw==\" \/><\/a><\/div><\/div><div id=\"envira-gallery-item-710\" class=\"envira-gallery-item enviratope-item envira-gallery-item-7 envira-lazy-load\" style=\"padding-left: 1px; padding-bottom: 1px; padding-right: 1px;\"  itemscope itemtype=\"https:\/\/schema.org\/ImageObject\"><div class=\"envira-gallery-item-inner\"><div class=\"envira-gallery-position-overlay  envira-gallery-top-left\"><\/div><div class=\"envira-gallery-position-overlay  envira-gallery-top-right\"><\/div><div class=\"envira-gallery-position-overlay  envira-gallery-bottom-left\"><\/div><div class=\"envira-gallery-position-overlay  envira-gallery-bottom-right\"><\/div><a href=\"http:\/\/kunst.stiftkeppel.de\/wp-content\/uploads\/2019\/08\/b20190704_103230-1.png\" class=\"envira-gallery-692 envira-gallery-link\" rel=\"enviragallery692\" title=\"b20190704_103230\" data-envira-caption=\"b20190704_103230\" data-envira-retina=\"\" data-thumbnail=\"\"  itemprop=\"contentUrl\"><img decoding=\"async\" id=\"envira-gallery-image-710\" class=\"envira-gallery-image envira-gallery-image-7 envira-normal envira-lazy\" data-envira-index=\"7\" src=\"http:\/\/kunst.stiftkeppel.de\/wp-content\/uploads\/2019\/08\/b20190704_103230-1-768x1024-640x480.png\" data-envira-src=\"http:\/\/kunst.stiftkeppel.de\/wp-content\/uploads\/2019\/08\/b20190704_103230-1-768x1024-640x480.png\" data-envira-gallery-id=\"692\" data-envira-item-id=\"710\" data-envira-caption=\"b20190704_103230\" alt=\"\" title=\"b20190704_103230\"  itemprop=\"thumbnailUrl\" data-envira-srcset=\"http:\/\/kunst.stiftkeppel.de\/wp-content\/uploads\/2019\/08\/b20190704_103230-1-768x1024-640x480.png 400w,http:\/\/kunst.stiftkeppel.de\/wp-content\/uploads\/2019\/08\/b20190704_103230-1-768x1024-640x480.png 2x\" data-envira-width=\"225\" data-envira-height=\"300\" srcset=\"data:image\/gif;base64,R0lGODlhAQABAIAAAP\/\/\/\/\/\/\/yH5BAEKAAEALAAAAAABAAEAAAICTAEAOw==\" data-safe-src=\"data:image\/gif;base64,R0lGODlhAQABAIAAAP\/\/\/\/\/\/\/yH5BAEKAAEALAAAAAABAAEAAAICTAEAOw==\" \/><\/a><\/div><\/div><div id=\"envira-gallery-item-714\" class=\"envira-gallery-item enviratope-item envira-gallery-item-8 envira-lazy-load\" style=\"padding-left: 1px; padding-bottom: 1px; padding-right: 1px;\"  itemscope itemtype=\"https:\/\/schema.org\/ImageObject\"><div class=\"envira-gallery-item-inner\"><div class=\"envira-gallery-position-overlay  envira-gallery-top-left\"><\/div><div class=\"envira-gallery-position-overlay  envira-gallery-top-right\"><\/div><div class=\"envira-gallery-position-overlay  envira-gallery-bottom-left\"><\/div><div class=\"envira-gallery-position-overlay  envira-gallery-bottom-right\"><\/div><a href=\"http:\/\/kunst.stiftkeppel.de\/wp-content\/uploads\/2019\/08\/b20190704_103325-1.png\" class=\"envira-gallery-692 envira-gallery-link\" rel=\"enviragallery692\" title=\"b20190704_103325\" data-envira-caption=\"b20190704_103325\" data-envira-retina=\"\" data-thumbnail=\"\"  itemprop=\"contentUrl\"><img decoding=\"async\" id=\"envira-gallery-image-714\" class=\"envira-gallery-image envira-gallery-image-8 envira-normal envira-lazy\" data-envira-index=\"8\" src=\"http:\/\/kunst.stiftkeppel.de\/wp-content\/uploads\/2019\/08\/b20190704_103325-1-768x1024-640x480.png\" data-envira-src=\"http:\/\/kunst.stiftkeppel.de\/wp-content\/uploads\/2019\/08\/b20190704_103325-1-768x1024-640x480.png\" data-envira-gallery-id=\"692\" data-envira-item-id=\"714\" data-envira-caption=\"b20190704_103325\" alt=\"\" title=\"b20190704_103325\"  itemprop=\"thumbnailUrl\" data-envira-srcset=\"http:\/\/kunst.stiftkeppel.de\/wp-content\/uploads\/2019\/08\/b20190704_103325-1-768x1024-640x480.png 400w,http:\/\/kunst.stiftkeppel.de\/wp-content\/uploads\/2019\/08\/b20190704_103325-1-768x1024-640x480.png 2x\" data-envira-width=\"225\" data-envira-height=\"300\" srcset=\"data:image\/gif;base64,R0lGODlhAQABAIAAAP\/\/\/\/\/\/\/yH5BAEKAAEALAAAAAABAAEAAAICTAEAOw==\" data-safe-src=\"data:image\/gif;base64,R0lGODlhAQABAIAAAP\/\/\/\/\/\/\/yH5BAEKAAEALAAAAAABAAEAAAICTAEAOw==\" \/><\/a><\/div><\/div><\/div><\/div><noscript><img decoding=\"async\" src=\"http:\/\/kunst.stiftkeppel.de\/wp-content\/uploads\/2019\/08\/b20190704_103134-1.png\" alt=\"\" \/><img decoding=\"async\" src=\"http:\/\/kunst.stiftkeppel.de\/wp-content\/uploads\/2019\/08\/b20190704_103202-1.png\" alt=\"\" \/><img decoding=\"async\" src=\"http:\/\/kunst.stiftkeppel.de\/wp-content\/uploads\/2019\/08\/b20190704_103213-1.png\" alt=\"\" \/><img decoding=\"async\" src=\"http:\/\/kunst.stiftkeppel.de\/wp-content\/uploads\/2019\/08\/b20190704_103244-1.png\" alt=\"\" \/><img decoding=\"async\" src=\"http:\/\/kunst.stiftkeppel.de\/wp-content\/uploads\/2019\/08\/b20190704_103256-1.png\" alt=\"\" \/><img decoding=\"async\" src=\"http:\/\/kunst.stiftkeppel.de\/wp-content\/uploads\/2019\/08\/b20190704_103308-1.png\" alt=\"\" \/><img decoding=\"async\" src=\"http:\/\/kunst.stiftkeppel.de\/wp-content\/uploads\/2019\/08\/b20190704_103230-1.png\" alt=\"\" \/><img decoding=\"async\" src=\"http:\/\/kunst.stiftkeppel.de\/wp-content\/uploads\/2019\/08\/b20190704_103325-1.png\" alt=\"\" \/><\/noscript><\/div>\n\n\n\n<p>Die Aufgabe f\u00fcr zwei neunte Klassen war es, eine bekannte Pers\u00f6nlichkeit auszusuchen, die man bewundert und \u00fcber die man einige Dinge wei\u00df. Den Ausgangspunkt bildete eine Abbildung der Person, die frontal aufgenommen und nicht gr\u00f6\u00dfer als ein Brustbild sein sollte.Auf DIN A4 ausgedruckt, wurde das Gesicht anschlie\u00dfend ausgeschnitten und in mehrere St\u00fccke zerschnitten, um den surrealen Charakter des Bildes zu betonen. Das Aufkleben auf einem farbigen Hintergrund war nun der Startpunkt der kreativen und individuellen Gestaltung des Bildes. Beachtet werden sollte nur, dass verschiedene Medien und Techniken eingesetzt wurden und die einzelnen Bildelemente mittels grafischer Elemente miteinander verbunden waren. Nach einigem Ausprobieren und verschiedenen Vorzeichnungen entstanden surreale Pers\u00f6nlichkeits-Darstellungen, bei denen Details aus verschiedenen Lebensbereichen aus dem Kopf in die Welt wanderten. die Sch\u00fcler*innen benutzten Pastelkreide, Kalligrafie, Collage, Zentangle, selbstgestaltete Stempel und Zeichnungen. <\/p>\n","protected":false},"excerpt":{"rendered":"<p>Die Aufgabe f\u00fcr zwei neunte Klassen war es, eine bekannte Pers\u00f6nlichkeit auszusuchen, die man bewundert und \u00fcber die man einige Dinge wei\u00df. Den Ausgangspunkt bildete eine Abbildung der Person, die frontal aufgenommen und nicht gr\u00f6\u00dfer als ein Brustbild sein sollte.Auf DIN A4 ausgedruckt, wurde das Gesicht anschlie\u00dfend ausgeschnitten und in mehrere St\u00fccke zerschnitten, um den &#8230; <span class=\"more\"><a class=\"more-link\" href=\"http:\/\/kunst.stiftkeppel.de\/?p=701\">[Weiterlesen&#8230;]<\/a><\/span><\/p>\n","protected":false},"author":3,"featured_media":712,"comment_status":"open","ping_status":"open","sticky":false,"template":"","format":"standard","meta":{"footnotes":""},"categories":[9,19],"tags":[22,4],"class_list":{"0":"entry","1":"post","2":"publish","3":"author-kra","4":"post-701","6":"format-standard","7":"has-post-thumbnail","8":"category-schuelerarbeiten","9":"category-sekundarstufe-i","10":"post_tag-collage","11":"post_tag-mixedmedia"},"_links":{"self":[{"href":"http:\/\/kunst.stiftkeppel.de\/index.php?rest_route=\/wp\/v2\/posts\/701","targetHints":{"allow":["GET"]}}],"collection":[{"href":"http:\/\/kunst.stiftkeppel.de\/index.php?rest_route=\/wp\/v2\/posts"}],"about":[{"href":"http:\/\/kunst.stiftkeppel.de\/index.php?rest_route=\/wp\/v2\/types\/post"}],"author":[{"embeddable":true,"href":"http:\/\/kunst.stiftkeppel.de\/index.php?rest_route=\/wp\/v2\/users\/3"}],"replies":[{"embeddable":true,"href":"http:\/\/kunst.stiftkeppel.de\/index.php?rest_route=%2Fwp%2Fv2%2Fcomments&post=701"}],"version-history":[{"count":8,"href":"http:\/\/kunst.stiftkeppel.de\/index.php?rest_route=\/wp\/v2\/posts\/701\/revisions"}],"predecessor-version":[{"id":950,"href":"http:\/\/kunst.stiftkeppel.de\/index.php?rest_route=\/wp\/v2\/posts\/701\/revisions\/950"}],"wp:featuredmedia":[{"embeddable":true,"href":"http:\/\/kunst.stiftkeppel.de\/index.php?rest_route=\/wp\/v2\/media\/712"}],"wp:attachment":[{"href":"http:\/\/kunst.stiftkeppel.de\/index.php?rest_route=%2Fwp%2Fv2%2Fmedia&parent=701"}],"wp:term":[{"taxonomy":"category","embeddable":true,"href":"http:\/\/kunst.stiftkeppel.de\/index.php?rest_route=%2Fwp%2Fv2%2Fcategories&post=701"},{"taxonomy":"post_tag","embeddable":true,"href":"http:\/\/kunst.stiftkeppel.de\/index.php?rest_route=%2Fwp%2Fv2%2Ftags&post=701"}],"curies":[{"name":"wp","href":"https:\/\/api.w.org\/{rel}","templated":true}]}}