{"id":820,"date":"2017-02-14T16:15:25","date_gmt":"2017-02-14T15:15:25","guid":{"rendered":"http:\/\/kunst.stiftkeppel.de\/?p=820"},"modified":"2019-08-19T17:08:48","modified_gmt":"2019-08-19T16:08:48","slug":"selbstportraets-in-anlehnung-an-picassos-blaue-periode-9c-2016-17","status":"publish","type":"post","link":"http:\/\/kunst.stiftkeppel.de\/?p=820","title":{"rendered":"Selbstportr\u00e4ts in Anlehnung an Picassos &#8222;Blaue Periode&#8220; &#8211; 9c 2016\/17"},"content":{"rendered":"\n<p>Die Sch\u00fclerinnen und Sch\u00fcler der Klasse 9b hatten folgenden Arbeitsauftrag: W\u00e4hle eine Farbe aus, mit der du eine bestimmte Stimmung zum Ausdruck bringen m\u00f6chtest. Im Bereich dieser Farbe sollst du dich in Anlehnung an Picassos Bilder aus der Blauen Periode portr\u00e4tieren.<\/p>\n\n\n\n<p>Die Sch\u00fclerinnen und Sch\u00fcler achteten darauf, dass das Portr\u00e4t maximal ein Brustbild war und sich zwischen Frontal- und Halbprofilansicht bewegte.<\/p>\n\n\n\n<p>Es galt Proportionen und K\u00f6rperlichkeit zu treffen. Dazu mussten feine Abstufungen des Lichts von Hell bis Dunkel eingesetzt werden.<\/p>\n\n\n<div id=\"envira-gallery-wrap-651\" class=\"envira-gallery-wrap envira-gallery-theme-base envira-lightbox-theme-base\" itemscope itemtype=\"https:\/\/schema.org\/ImageGallery\"><div data-row-height=\"150\" data-gallery-theme=\"normal\" id=\"envira-gallery-651\" class=\"envira-gallery-public envira-gallery-justified-public envira-gallery-0-columns envira-clear enviratope envira-gallery-css-animations\" data-envira-columns=\"0\"><div id=\"envira-gallery-item-652\" class=\"envira-gallery-item enviratope-item envira-gallery-item-1 envira-lazy-load\" style=\"padding-left: 5px; padding-bottom: 10px; padding-right: 5px;\"  itemscope itemtype=\"https:\/\/schema.org\/ImageObject\"><div class=\"envira-gallery-item-inner\"><div class=\"envira-gallery-position-overlay  envira-gallery-top-left\"><\/div><div class=\"envira-gallery-position-overlay  envira-gallery-top-right\"><\/div><div class=\"envira-gallery-position-overlay  envira-gallery-bottom-left\"><\/div><div class=\"envira-gallery-position-overlay  envira-gallery-bottom-right\"><\/div><a href=\"http:\/\/kunst.stiftkeppel.de\/wp-content\/uploads\/2018\/02\/IMG_5383.jpg\" class=\"envira-gallery-651 envira-gallery-link\" rel=\"enviragallery651\" title=\"IMG_5383\" data-envira-caption=\"IMG_5383\" data-envira-retina=\"\" data-thumbnail=\"\"  itemprop=\"contentUrl\"><img decoding=\"async\" id=\"envira-gallery-image-652\" class=\"envira-gallery-image envira-gallery-image-1 envira-normal envira-lazy\" data-envira-index=\"1\" src=\"http:\/\/kunst.stiftkeppel.de\/wp-content\/uploads\/2018\/02\/IMG_5383-768x1024-640x480.jpg\" data-envira-src=\"http:\/\/kunst.stiftkeppel.de\/wp-content\/uploads\/2018\/02\/IMG_5383-768x1024-640x480.jpg\" data-envira-gallery-id=\"651\" data-envira-item-id=\"652\" data-envira-caption=\"IMG_5383\" alt=\"\" title=\"IMG_5383\"  itemprop=\"thumbnailUrl\" data-envira-srcset=\"http:\/\/kunst.stiftkeppel.de\/wp-content\/uploads\/2018\/02\/IMG_5383-768x1024-640x480.jpg 400w,http:\/\/kunst.stiftkeppel.de\/wp-content\/uploads\/2018\/02\/IMG_5383-768x1024-640x480.jpg 2x\" data-envira-width=\"225\" data-envira-height=\"300\" srcset=\"data:image\/gif;base64,R0lGODlhAQABAIAAAP\/\/\/\/\/\/\/yH5BAEKAAEALAAAAAABAAEAAAICTAEAOw==\" data-safe-src=\"data:image\/gif;base64,R0lGODlhAQABAIAAAP\/\/\/\/\/\/\/yH5BAEKAAEALAAAAAABAAEAAAICTAEAOw==\" \/><\/a><\/div><\/div><div id=\"envira-gallery-item-653\" class=\"envira-gallery-item enviratope-item envira-gallery-item-2 envira-lazy-load\" style=\"padding-left: 5px; padding-bottom: 10px; padding-right: 5px;\"  itemscope itemtype=\"https:\/\/schema.org\/ImageObject\"><div class=\"envira-gallery-item-inner\"><div class=\"envira-gallery-position-overlay  envira-gallery-top-left\"><\/div><div class=\"envira-gallery-position-overlay  envira-gallery-top-right\"><\/div><div class=\"envira-gallery-position-overlay  envira-gallery-bottom-left\"><\/div><div class=\"envira-gallery-position-overlay  envira-gallery-bottom-right\"><\/div><a href=\"http:\/\/kunst.stiftkeppel.de\/wp-content\/uploads\/2018\/02\/IMG_5384.jpg\" class=\"envira-gallery-651 envira-gallery-link\" rel=\"enviragallery651\" title=\"IMG_5384\" data-envira-caption=\"IMG_5384\" data-envira-retina=\"\" data-thumbnail=\"\"  itemprop=\"contentUrl\"><img decoding=\"async\" id=\"envira-gallery-image-653\" class=\"envira-gallery-image envira-gallery-image-2 envira-normal envira-lazy\" data-envira-index=\"2\" src=\"http:\/\/kunst.stiftkeppel.de\/wp-content\/uploads\/2018\/02\/IMG_5384-1024x1024-640x480.jpg\" data-envira-src=\"http:\/\/kunst.stiftkeppel.de\/wp-content\/uploads\/2018\/02\/IMG_5384-1024x1024-640x480.jpg\" data-envira-gallery-id=\"651\" data-envira-item-id=\"653\" data-envira-caption=\"IMG_5384\" alt=\"\" title=\"IMG_5384\"  itemprop=\"thumbnailUrl\" data-envira-srcset=\"http:\/\/kunst.stiftkeppel.de\/wp-content\/uploads\/2018\/02\/IMG_5384-1024x1024-640x480.jpg 400w,http:\/\/kunst.stiftkeppel.de\/wp-content\/uploads\/2018\/02\/IMG_5384-1024x1024-640x480.jpg 2x\" data-envira-width=\"300\" data-envira-height=\"300\" srcset=\"data:image\/gif;base64,R0lGODlhAQABAIAAAP\/\/\/\/\/\/\/yH5BAEKAAEALAAAAAABAAEAAAICTAEAOw==\" data-safe-src=\"data:image\/gif;base64,R0lGODlhAQABAIAAAP\/\/\/\/\/\/\/yH5BAEKAAEALAAAAAABAAEAAAICTAEAOw==\" \/><\/a><\/div><\/div><div id=\"envira-gallery-item-654\" class=\"envira-gallery-item enviratope-item envira-gallery-item-3 envira-lazy-load\" style=\"padding-left: 5px; padding-bottom: 10px; padding-right: 5px;\"  itemscope itemtype=\"https:\/\/schema.org\/ImageObject\"><div class=\"envira-gallery-item-inner\"><div class=\"envira-gallery-position-overlay  envira-gallery-top-left\"><\/div><div class=\"envira-gallery-position-overlay  envira-gallery-top-right\"><\/div><div class=\"envira-gallery-position-overlay  envira-gallery-bottom-left\"><\/div><div class=\"envira-gallery-position-overlay  envira-gallery-bottom-right\"><\/div><a href=\"http:\/\/kunst.stiftkeppel.de\/wp-content\/uploads\/2018\/02\/IMG_5385.jpg\" class=\"envira-gallery-651 envira-gallery-link\" rel=\"enviragallery651\" title=\"IMG_5385\" data-envira-caption=\"IMG_5385\" data-envira-retina=\"\" data-thumbnail=\"\"  itemprop=\"contentUrl\"><img decoding=\"async\" id=\"envira-gallery-image-654\" class=\"envira-gallery-image envira-gallery-image-3 envira-normal envira-lazy\" data-envira-index=\"3\" src=\"http:\/\/kunst.stiftkeppel.de\/wp-content\/uploads\/2018\/02\/IMG_5385-768x1024-640x480.jpg\" data-envira-src=\"http:\/\/kunst.stiftkeppel.de\/wp-content\/uploads\/2018\/02\/IMG_5385-768x1024-640x480.jpg\" data-envira-gallery-id=\"651\" data-envira-item-id=\"654\" data-envira-caption=\"IMG_5385\" alt=\"\" title=\"IMG_5385\"  itemprop=\"thumbnailUrl\" data-envira-srcset=\"http:\/\/kunst.stiftkeppel.de\/wp-content\/uploads\/2018\/02\/IMG_5385-768x1024-640x480.jpg 400w,http:\/\/kunst.stiftkeppel.de\/wp-content\/uploads\/2018\/02\/IMG_5385-768x1024-640x480.jpg 2x\" data-envira-width=\"225\" data-envira-height=\"300\" srcset=\"data:image\/gif;base64,R0lGODlhAQABAIAAAP\/\/\/\/\/\/\/yH5BAEKAAEALAAAAAABAAEAAAICTAEAOw==\" data-safe-src=\"data:image\/gif;base64,R0lGODlhAQABAIAAAP\/\/\/\/\/\/\/yH5BAEKAAEALAAAAAABAAEAAAICTAEAOw==\" \/><\/a><\/div><\/div><div id=\"envira-gallery-item-655\" class=\"envira-gallery-item enviratope-item envira-gallery-item-4 envira-lazy-load\" style=\"padding-left: 5px; padding-bottom: 10px; padding-right: 5px;\"  itemscope itemtype=\"https:\/\/schema.org\/ImageObject\"><div class=\"envira-gallery-item-inner\"><div class=\"envira-gallery-position-overlay  envira-gallery-top-left\"><\/div><div class=\"envira-gallery-position-overlay  envira-gallery-top-right\"><\/div><div class=\"envira-gallery-position-overlay  envira-gallery-bottom-left\"><\/div><div class=\"envira-gallery-position-overlay  envira-gallery-bottom-right\"><\/div><a href=\"http:\/\/kunst.stiftkeppel.de\/wp-content\/uploads\/2018\/02\/IMG_5386.jpg\" class=\"envira-gallery-651 envira-gallery-link\" rel=\"enviragallery651\" title=\"IMG_5386\" data-envira-caption=\"IMG_5386\" data-envira-retina=\"\" data-thumbnail=\"\"  itemprop=\"contentUrl\"><img decoding=\"async\" id=\"envira-gallery-image-655\" class=\"envira-gallery-image envira-gallery-image-4 envira-normal envira-lazy\" data-envira-index=\"4\" src=\"http:\/\/kunst.stiftkeppel.de\/wp-content\/uploads\/2018\/02\/IMG_5386-768x1024-640x480.jpg\" data-envira-src=\"http:\/\/kunst.stiftkeppel.de\/wp-content\/uploads\/2018\/02\/IMG_5386-768x1024-640x480.jpg\" data-envira-gallery-id=\"651\" data-envira-item-id=\"655\" data-envira-caption=\"IMG_5386\" alt=\"\" title=\"IMG_5386\"  itemprop=\"thumbnailUrl\" data-envira-srcset=\"http:\/\/kunst.stiftkeppel.de\/wp-content\/uploads\/2018\/02\/IMG_5386-768x1024-640x480.jpg 400w,http:\/\/kunst.stiftkeppel.de\/wp-content\/uploads\/2018\/02\/IMG_5386-768x1024-640x480.jpg 2x\" data-envira-width=\"225\" data-envira-height=\"300\" srcset=\"data:image\/gif;base64,R0lGODlhAQABAIAAAP\/\/\/\/\/\/\/yH5BAEKAAEALAAAAAABAAEAAAICTAEAOw==\" data-safe-src=\"data:image\/gif;base64,R0lGODlhAQABAIAAAP\/\/\/\/\/\/\/yH5BAEKAAEALAAAAAABAAEAAAICTAEAOw==\" \/><\/a><\/div><\/div><div id=\"envira-gallery-item-656\" class=\"envira-gallery-item enviratope-item envira-gallery-item-5 envira-lazy-load\" style=\"padding-left: 5px; padding-bottom: 10px; padding-right: 5px;\"  itemscope itemtype=\"https:\/\/schema.org\/ImageObject\"><div class=\"envira-gallery-item-inner\"><div class=\"envira-gallery-position-overlay  envira-gallery-top-left\"><\/div><div class=\"envira-gallery-position-overlay  envira-gallery-top-right\"><\/div><div class=\"envira-gallery-position-overlay  envira-gallery-bottom-left\"><\/div><div class=\"envira-gallery-position-overlay  envira-gallery-bottom-right\"><\/div><a href=\"http:\/\/kunst.stiftkeppel.de\/wp-content\/uploads\/2018\/02\/IMG_5387.jpg\" class=\"envira-gallery-651 envira-gallery-link\" rel=\"enviragallery651\" title=\"IMG_5387\" data-envira-caption=\"IMG_5387\" data-envira-retina=\"\" data-thumbnail=\"\"  itemprop=\"contentUrl\"><img decoding=\"async\" id=\"envira-gallery-image-656\" class=\"envira-gallery-image envira-gallery-image-5 envira-normal envira-lazy\" data-envira-index=\"5\" src=\"http:\/\/kunst.stiftkeppel.de\/wp-content\/uploads\/2018\/02\/IMG_5387-768x1024-640x480.jpg\" data-envira-src=\"http:\/\/kunst.stiftkeppel.de\/wp-content\/uploads\/2018\/02\/IMG_5387-768x1024-640x480.jpg\" data-envira-gallery-id=\"651\" data-envira-item-id=\"656\" data-envira-caption=\"IMG_5387\" alt=\"\" title=\"IMG_5387\"  itemprop=\"thumbnailUrl\" data-envira-srcset=\"http:\/\/kunst.stiftkeppel.de\/wp-content\/uploads\/2018\/02\/IMG_5387-768x1024-640x480.jpg 400w,http:\/\/kunst.stiftkeppel.de\/wp-content\/uploads\/2018\/02\/IMG_5387-768x1024-640x480.jpg 2x\" data-envira-width=\"225\" data-envira-height=\"300\" srcset=\"data:image\/gif;base64,R0lGODlhAQABAIAAAP\/\/\/\/\/\/\/yH5BAEKAAEALAAAAAABAAEAAAICTAEAOw==\" data-safe-src=\"data:image\/gif;base64,R0lGODlhAQABAIAAAP\/\/\/\/\/\/\/yH5BAEKAAEALAAAAAABAAEAAAICTAEAOw==\" \/><\/a><\/div><\/div><div id=\"envira-gallery-item-657\" class=\"envira-gallery-item enviratope-item envira-gallery-item-6 envira-lazy-load\" style=\"padding-left: 5px; padding-bottom: 10px; padding-right: 5px;\"  itemscope itemtype=\"https:\/\/schema.org\/ImageObject\"><div class=\"envira-gallery-item-inner\"><div class=\"envira-gallery-position-overlay  envira-gallery-top-left\"><\/div><div class=\"envira-gallery-position-overlay  envira-gallery-top-right\"><\/div><div class=\"envira-gallery-position-overlay  envira-gallery-bottom-left\"><\/div><div class=\"envira-gallery-position-overlay  envira-gallery-bottom-right\"><\/div><a href=\"http:\/\/kunst.stiftkeppel.de\/wp-content\/uploads\/2018\/02\/IMG_5388.jpg\" class=\"envira-gallery-651 envira-gallery-link\" rel=\"enviragallery651\" title=\"IMG_5388\" data-envira-caption=\"IMG_5388\" data-envira-retina=\"\" data-thumbnail=\"\"  itemprop=\"contentUrl\"><img decoding=\"async\" id=\"envira-gallery-image-657\" class=\"envira-gallery-image envira-gallery-image-6 envira-normal envira-lazy\" data-envira-index=\"6\" src=\"http:\/\/kunst.stiftkeppel.de\/wp-content\/uploads\/2018\/02\/IMG_5388-768x1024-640x480.jpg\" data-envira-src=\"http:\/\/kunst.stiftkeppel.de\/wp-content\/uploads\/2018\/02\/IMG_5388-768x1024-640x480.jpg\" data-envira-gallery-id=\"651\" data-envira-item-id=\"657\" data-envira-caption=\"IMG_5388\" alt=\"\" title=\"IMG_5388\"  itemprop=\"thumbnailUrl\" data-envira-srcset=\"http:\/\/kunst.stiftkeppel.de\/wp-content\/uploads\/2018\/02\/IMG_5388-768x1024-640x480.jpg 400w,http:\/\/kunst.stiftkeppel.de\/wp-content\/uploads\/2018\/02\/IMG_5388-768x1024-640x480.jpg 2x\" data-envira-width=\"225\" data-envira-height=\"300\" srcset=\"data:image\/gif;base64,R0lGODlhAQABAIAAAP\/\/\/\/\/\/\/yH5BAEKAAEALAAAAAABAAEAAAICTAEAOw==\" data-safe-src=\"data:image\/gif;base64,R0lGODlhAQABAIAAAP\/\/\/\/\/\/\/yH5BAEKAAEALAAAAAABAAEAAAICTAEAOw==\" \/><\/a><\/div><\/div><div id=\"envira-gallery-item-658\" class=\"envira-gallery-item enviratope-item envira-gallery-item-7 envira-lazy-load\" style=\"padding-left: 5px; padding-bottom: 10px; padding-right: 5px;\"  itemscope itemtype=\"https:\/\/schema.org\/ImageObject\"><div class=\"envira-gallery-item-inner\"><div class=\"envira-gallery-position-overlay  envira-gallery-top-left\"><\/div><div class=\"envira-gallery-position-overlay  envira-gallery-top-right\"><\/div><div class=\"envira-gallery-position-overlay  envira-gallery-bottom-left\"><\/div><div class=\"envira-gallery-position-overlay  envira-gallery-bottom-right\"><\/div><a href=\"http:\/\/kunst.stiftkeppel.de\/wp-content\/uploads\/2018\/02\/IMG_5389.jpg\" class=\"envira-gallery-651 envira-gallery-link\" rel=\"enviragallery651\" title=\"IMG_5389\" data-envira-caption=\"IMG_5389\" data-envira-retina=\"\" data-thumbnail=\"\"  itemprop=\"contentUrl\"><img decoding=\"async\" id=\"envira-gallery-image-658\" class=\"envira-gallery-image envira-gallery-image-7 envira-normal envira-lazy\" data-envira-index=\"7\" src=\"http:\/\/kunst.stiftkeppel.de\/wp-content\/uploads\/2018\/02\/IMG_5389-768x1024-640x480.jpg\" data-envira-src=\"http:\/\/kunst.stiftkeppel.de\/wp-content\/uploads\/2018\/02\/IMG_5389-768x1024-640x480.jpg\" data-envira-gallery-id=\"651\" data-envira-item-id=\"658\" data-envira-caption=\"IMG_5389\" alt=\"\" title=\"IMG_5389\"  itemprop=\"thumbnailUrl\" data-envira-srcset=\"http:\/\/kunst.stiftkeppel.de\/wp-content\/uploads\/2018\/02\/IMG_5389-768x1024-640x480.jpg 400w,http:\/\/kunst.stiftkeppel.de\/wp-content\/uploads\/2018\/02\/IMG_5389-768x1024-640x480.jpg 2x\" data-envira-width=\"225\" data-envira-height=\"300\" srcset=\"data:image\/gif;base64,R0lGODlhAQABAIAAAP\/\/\/\/\/\/\/yH5BAEKAAEALAAAAAABAAEAAAICTAEAOw==\" data-safe-src=\"data:image\/gif;base64,R0lGODlhAQABAIAAAP\/\/\/\/\/\/\/yH5BAEKAAEALAAAAAABAAEAAAICTAEAOw==\" \/><\/a><\/div><\/div><\/div><\/div><noscript><img decoding=\"async\" src=\"http:\/\/kunst.stiftkeppel.de\/wp-content\/uploads\/2018\/02\/IMG_5383.jpg\" alt=\"\" \/><img decoding=\"async\" src=\"http:\/\/kunst.stiftkeppel.de\/wp-content\/uploads\/2018\/02\/IMG_5384.jpg\" alt=\"\" \/><img decoding=\"async\" src=\"http:\/\/kunst.stiftkeppel.de\/wp-content\/uploads\/2018\/02\/IMG_5385.jpg\" alt=\"\" \/><img decoding=\"async\" src=\"http:\/\/kunst.stiftkeppel.de\/wp-content\/uploads\/2018\/02\/IMG_5386.jpg\" alt=\"\" \/><img decoding=\"async\" src=\"http:\/\/kunst.stiftkeppel.de\/wp-content\/uploads\/2018\/02\/IMG_5387.jpg\" alt=\"\" \/><img decoding=\"async\" src=\"http:\/\/kunst.stiftkeppel.de\/wp-content\/uploads\/2018\/02\/IMG_5388.jpg\" alt=\"\" \/><img decoding=\"async\" src=\"http:\/\/kunst.stiftkeppel.de\/wp-content\/uploads\/2018\/02\/IMG_5389.jpg\" alt=\"\" \/><\/noscript>\n","protected":false},"excerpt":{"rendered":"<p>Die Sch\u00fclerinnen und Sch\u00fcler der Klasse 9b hatten folgenden Arbeitsauftrag: W\u00e4hle eine Farbe aus, mit der du eine bestimmte Stimmung zum Ausdruck bringen m\u00f6chtest. Im Bereich dieser Farbe sollst du dich in Anlehnung an Picassos Bilder aus der Blauen Periode portr\u00e4tieren. Die Sch\u00fclerinnen und Sch\u00fcler achteten darauf, dass das Portr\u00e4t maximal ein Brustbild war und &#8230; <span class=\"more\"><a class=\"more-link\" href=\"http:\/\/kunst.stiftkeppel.de\/?p=820\">[Weiterlesen&#8230;]<\/a><\/span><\/p>\n","protected":false},"author":2,"featured_media":654,"comment_status":"open","ping_status":"open","sticky":false,"template":"","format":"standard","meta":{"footnotes":""},"categories":[9,19],"tags":[15],"class_list":{"0":"entry","1":"post","2":"publish","3":"author-dei","4":"post-820","6":"format-standard","7":"has-post-thumbnail","8":"category-schuelerarbeiten","9":"category-sekundarstufe-i","10":"post_tag-malerei"},"_links":{"self":[{"href":"http:\/\/kunst.stiftkeppel.de\/index.php?rest_route=\/wp\/v2\/posts\/820","targetHints":{"allow":["GET"]}}],"collection":[{"href":"http:\/\/kunst.stiftkeppel.de\/index.php?rest_route=\/wp\/v2\/posts"}],"about":[{"href":"http:\/\/kunst.stiftkeppel.de\/index.php?rest_route=\/wp\/v2\/types\/post"}],"author":[{"embeddable":true,"href":"http:\/\/kunst.stiftkeppel.de\/index.php?rest_route=\/wp\/v2\/users\/2"}],"replies":[{"embeddable":true,"href":"http:\/\/kunst.stiftkeppel.de\/index.php?rest_route=%2Fwp%2Fv2%2Fcomments&post=820"}],"version-history":[{"count":2,"href":"http:\/\/kunst.stiftkeppel.de\/index.php?rest_route=\/wp\/v2\/posts\/820\/revisions"}],"predecessor-version":[{"id":982,"href":"http:\/\/kunst.stiftkeppel.de\/index.php?rest_route=\/wp\/v2\/posts\/820\/revisions\/982"}],"wp:featuredmedia":[{"embeddable":true,"href":"http:\/\/kunst.stiftkeppel.de\/index.php?rest_route=\/wp\/v2\/media\/654"}],"wp:attachment":[{"href":"http:\/\/kunst.stiftkeppel.de\/index.php?rest_route=%2Fwp%2Fv2%2Fmedia&parent=820"}],"wp:term":[{"taxonomy":"category","embeddable":true,"href":"http:\/\/kunst.stiftkeppel.de\/index.php?rest_route=%2Fwp%2Fv2%2Fcategories&post=820"},{"taxonomy":"post_tag","embeddable":true,"href":"http:\/\/kunst.stiftkeppel.de\/index.php?rest_route=%2Fwp%2Fv2%2Ftags&post=820"}],"curies":[{"name":"wp","href":"https:\/\/api.w.org\/{rel}","templated":true}]}}